{"id":47224,"date":"2026-09-03T09:44:09","date_gmt":"2026-09-03T13:44:09","guid":{"rendered":"https:\/\/rehab-u.com\/?p=47224"},"modified":"2026-09-03T09:44:09","modified_gmt":"2026-09-03T13:44:09","slug":"arrete-de-vendre-des-seances-de-rehab","status":"publish","type":"post","link":"https:\/\/rehab-u.com\/fr\/arrete-de-vendre-des-seances-de-rehab\/","title":{"rendered":"ARR\u00caTE DE VENDRE DES S\u00c9ANCES DE REHAB"},"content":{"rendered":"<p><span style=\"font-weight: 400;\">Si tu es th\u00e9rapeute ou entra\u00eeneur, l\u2019une des plus grandes erreurs que tu peux faire dans ta carri\u00e8re, c\u2019est de vendre ton temps.<\/span><\/p>\n<p><span style=\"font-weight: 400;\">Un traitement de 30 minutes.<\/span><\/p>\n<p><span style=\"font-weight: 400;\">Une s\u00e9ance d\u2019entra\u00eenement de 60 minutes.<\/span><\/p>\n<p><span style=\"font-weight: 400;\">Un forfait de 10 s\u00e9ances.<\/span><\/p>\n<p><span style=\"font-weight: 400;\">Parce qu\u2019en r\u00e9alit\u00e9, la personne devant toi ne veut pas une s\u00e9ance.<\/span><\/p>\n<p><span style=\"font-weight: 400;\">Elle veut recommencer \u00e0 soulever des charges sans douleur.<\/span><\/p>\n<p><span style=\"font-weight: 400;\">Elle veut retourner \u00e0 son sport.<\/span><\/p>\n<p><span style=\"font-weight: 400;\">Elle veut retrouver confiance en son corps.<\/span><\/p>\n<p><span style=\"font-weight: 400;\">Elle ne cherche pas des s\u00e9ances. Elle cherche une transformation.<\/span><\/p>\n<p><span style=\"font-weight: 400;\">Elle veut passer de l\u00e0 o\u00f9 elle est aujourd\u2019hui \u2014 en douleur ou bless\u00e9e \u2014 \u00e0 l\u00e0 o\u00f9 elle veut vraiment \u00eatre : \u00e0 son meilleur.<\/span><\/p>\n<p><span style=\"font-weight: 400;\">Et quand j\u2019ai finalement compris \u00e7a, \u00e7a a compl\u00e8tement chang\u00e9 ma fa\u00e7on d\u2019aborder la rehab \u2014 et la fa\u00e7on dont j\u2019ai construit ma carri\u00e8re.<\/span><\/p>\n<p>&nbsp;<\/p>\n<p><iframe loading=\"lazy\" title=\"ARR\u00caTE DE VENDRE DES S\u00c9ANCES DE REHAB - PODCAST ACC\u00c9L\u00c9RATEUR DE CARRI\u00c8RE \u00c9pisode 1\" width=\"1080\" height=\"608\" src=\"https:\/\/www.youtube.com\/embed\/ROfWSL3Leb0?feature=oembed&#038;enablejsapi=1&#038;origin=https:\/\/rehab-u.com\" frameborder=\"0\" allow=\"accelerometer; autoplay; clipboard-write; encrypted-media; gyroscope; picture-in-picture; web-share\" referrerpolicy=\"strict-origin-when-cross-origin\" allowfullscreen><\/iframe><\/p>\n<p><strong>REGARDE L&#8217;\u00c9PISODE COMPLET SUR YOUTUBE POUR D\u00c9COUVRIR COMMENT NOUS AIDONS LES TH\u00c9RAPEUTES &amp; ENTRA\u00ceNEURS \u00c0 TRANSFORMER LEUR EXPERTISE EN REHAB EN UNE CARRI\u00c8RE PLUS<\/strong><strong> VALORISANTE ET PLUS DURABLE<\/strong><\/p>\n<p>&nbsp;<\/p>\n<h2><b>LE PROBL\u00c8ME AVEC LE MOD\u00c8LE \u00c0 LA S\u00c9ANCE<\/b><\/h2>\n<p><span style=\"font-weight: 400;\">Pense \u00e0 la fa\u00e7on traditionnelle dont les services de rehab sont offerts.<\/span><\/p>\n<p><span style=\"font-weight: 400;\">Quelqu\u2019un a mal au genou.<\/span><\/p>\n<p><span style=\"font-weight: 400;\">Il prend rendez-vous.<\/span><\/p>\n<p><span style=\"font-weight: 400;\">On l\u2019\u00e9value, on le traite, puis :<\/span><\/p>\n<p><span style=\"font-weight: 400;\">\u00ab On va voir comment \u00e7a va la semaine prochaine. \u00bb<\/span><\/p>\n<p><span style=\"font-weight: 400;\">Et la semaine suivante, on recommence.<\/span><\/p>\n<p><span style=\"font-weight: 400;\">Les entra\u00eeneurs font souvent essentiellement la m\u00eame chose.<\/span><\/p>\n<p><span style=\"font-weight: 400;\">Je le sais parce que je l\u2019ai fait moi aussi.<\/span><\/p>\n<p><span style=\"font-weight: 400;\">Avant de devenir th\u00e9rapeute du sport, j\u2019ai travaill\u00e9 comme entra\u00eeneure priv\u00e9.<\/span><\/p>\n<p><span style=\"font-weight: 400;\">Et comme pratiquement tous les entra\u00eeneurs que je connaissais \u00e0 l\u2019\u00e9poque, je vendais des s\u00e9ances.<\/span><\/p>\n<p><span style=\"font-weight: 400;\">Un client r\u00e9servait une heure avec moi. Je planifiais son entra\u00eenement. On s\u2019entra\u00eenait.<\/span><\/p>\n<p><span style=\"font-weight: 400;\">Et ensuite, tu esp\u00e9rais qu\u2019il r\u00e9serve de nouveau la semaine suivante.\u00a0 Ou qu\u2019il prenne un \u201cpackage\u201d de s\u00e9ances.<\/span><\/p>\n<p><span style=\"font-weight: 400;\">Puis celle d\u2019apr\u00e8s.<\/span><\/p>\n<p><span style=\"font-weight: 400;\">Il n\u2019y avait pas n\u00e9cessairement de feuille de route globale ni de transformation clairement d\u00e9finie vers laquelle on travaillait.<\/span><\/p>\n<p><span style=\"font-weight: 400;\">Essentiellement, tu vendais la prochaine heure de ton temps \u2014 en esp\u00e9rant que le client continue.<\/span><\/p>\n<p><span style=\"font-weight: 400;\">Puis je suis devenue th\u00e9rapeute du sport et j\u2019ai commenc\u00e9 \u00e0 travailler en clinique.<\/span><\/p>\n<p><span style=\"font-weight: 400;\">Et curieusement, m\u00eame si le contexte avait chang\u00e9, le mod\u00e8le, lui, n\u2019avait pas vraiment chang\u00e9.<\/span><\/p>\n<p><span style=\"font-weight: 400;\">Au lieu d\u2019offrir des s\u00e9ances d\u2019entra\u00eenement, j\u2019offrais maintenant des s\u00e9ances de traitement.<\/span><\/p>\n<p><span style=\"font-weight: 400;\">Un patient arrivait. Je l\u2019\u00e9valuais. Je le traitais. Je lui donnais quelques exercices.<\/span><\/p>\n<p><span style=\"font-weight: 400;\">Et ensuite :<\/span><\/p>\n<p><span style=\"font-weight: 400;\">\u00ab On va voir comment \u00e7a va la semaine prochaine. \u00bb<\/span><\/p>\n<p><span style=\"font-weight: 400;\">Et je me souviens \u00e0 quel point \u00e7a me frustrait parce que je savais que je pouvais aider les gens, mais j\u2019avais souvent l\u2019impression de ne pas vraiment les amener nulle part.<\/span><\/p>\n<p><span style=\"font-weight: 400;\">Je les aidais avec le probl\u00e8me du jour&#8230; mais je ne les guidais pas n\u00e9cessairement \u00e0 travers tout le parcours, de la blessure jusqu\u2019au retour aux activit\u00e9s qu\u2019ils voulaient vraiment reprendre.<\/span><\/p>\n<p><span style=\"font-weight: 400;\">Et j\u2019ai fini par r\u00e9aliser quelque chose :<\/span><\/p>\n<p><span style=\"font-weight: 400;\">Le probl\u00e8me n\u2019\u00e9tait pas la s\u00e9ance en soi. Le probl\u00e8me, c\u2019est que la s\u00e9ance \u00e9tait devenue le produit.<\/span><\/p>\n<p><span style=\"font-weight: 400;\">Parce que la rehab ne se fait pas en s\u00e9ances isol\u00e9es.<\/span><\/p>\n<p><span style=\"font-weight: 400;\">Amener quelqu\u2019un d\u2019une blessure jusqu\u2019au retour \u00e0 la performance, c\u2019est un processus.<\/span><\/p>\n<p><span style=\"font-weight: 400;\">Il faut parfois restaurer la mobilit\u00e9. D\u00e9velopper la force. Augmenter la capacit\u00e9 des tissus. R\u00e9introduire la vitesse. La puissance. La course. Les sauts. Les changements de direction.<\/span><\/p>\n<p><span style=\"font-weight: 400;\">Peu importe ce que \u00ab performance \u00bb signifie pour cette personne.<\/span><\/p>\n<p><span style=\"font-weight: 400;\">Et ce processus peut prendre 12 semaines. 16 semaines. Parfois plus.<\/span><\/p>\n<p><span style=\"font-weight: 400;\">Alors j\u2019ai commenc\u00e9 \u00e0 me poser une question :<\/span><\/p>\n<p><span style=\"font-weight: 400;\">Pourquoi essayons-nous de r\u00e9gler un probl\u00e8me qui demande 16 semaines avec une s\u00e9rie de rendez-vous d\u00e9connect\u00e9s les uns des autres?<\/span><\/p>\n<p><span style=\"font-weight: 400;\">Et cette question a compl\u00e8tement chang\u00e9 ma fa\u00e7on de voir la rehab.<\/span><\/p>\n<p><span style=\"font-weight: 400;\">Non plus comme une s\u00e9rie de s\u00e9ances&#8230; mais comme un processus complet con\u00e7u pour amener quelqu\u2019un de l\u00e0 o\u00f9 il est aujourd\u2019hui jusqu\u2019\u00e0 l\u00e0 o\u00f9 il veut r\u00e9ellement aller.<\/span><\/p>\n<p>&nbsp;<\/p>\n<h2><b>LE CHANGEMENT : DES S\u00c9ANCES AUX TRANSFORMATIONS<\/b><\/h2>\n<p><span style=\"font-weight: 400;\">Ce changement \u2014 passer de la vente de s\u00e9ances \u00e0 la cr\u00e9ation de transformations offertes \u00e0 travers une offre premium \u2014 est quelque chose auquel nous r\u00e9fl\u00e9chissons beaucoup et que nous enseignons dans l\u2019Acc\u00e9l\u00e9rateur de Carri\u00e8re Rehab-U.<\/span><\/p>\n<p><span style=\"font-weight: 400;\">Parce qu\u2019il s\u2019agit de deux mod\u00e8les d\u2019affaires compl\u00e8tement diff\u00e9rents.<\/span><\/p>\n<p><span style=\"font-weight: 400;\">Imagine que quelqu\u2019un vient te voir avec une douleur r\u00e9currente \u00e0 l\u2019\u00e9paule.<\/span><\/p>\n<p><span style=\"font-weight: 400;\">Peut-\u00eatre qu\u2019il a d\u00e9j\u00e0 re\u00e7u des traitements. Peut-\u00eatre que sa douleur s\u2019am\u00e9liore.<\/span><\/p>\n<p><span style=\"font-weight: 400;\">Mais son v\u00e9ritable objectif, c\u2019est de recommencer \u00e0 s\u2019entra\u00eener avec des charges.<\/span><\/p>\n<p><span style=\"font-weight: 400;\">Tu pourrais lui dire :<\/span><\/p>\n<p><span style=\"font-weight: 400;\">\u00ab Mes s\u00e9ances co\u00fbtent 100 $ de l\u2019heure. \u00bb<\/span><\/p>\n<p><span style=\"font-weight: 400;\">Ou tu pourrais faire comme Amy, l\u2019une des membres de notre Acc\u00e9l\u00e9rateur de Carri\u00e8re Rehab-U.<\/span><\/p>\n<p><span style=\"font-weight: 400;\">Elle a cr\u00e9\u00e9 Bulletproof Shoulders, un programme de rehab premium \u00e0 500 $ par mois con\u00e7u pour amener ses clients\/patients d\u2019un niveau de force de base post-rehab jusqu\u2019\u00e0 un retour \u00e0 l\u2019entra\u00eenement avec confiance.<\/span><\/p>\n<p><span style=\"font-weight: 400;\">M\u00eame professionnelle. M\u00eame expertise. M\u00eame personne qu\u2019elle aide.<\/span><\/p>\n<p><span style=\"font-weight: 400;\">Mais une fa\u00e7on compl\u00e8tement diff\u00e9rente de structurer son expertise, qui comprend :<\/span><\/p>\n<p><span style=\"font-weight: 400;\">\ud83d\udccd Une \u00e9valuation en personne ou en virtuel<\/span><\/p>\n<p><span style=\"font-weight: 400;\">\ud83d\udccd Une feuille de route structur\u00e9e en phases, de la blessure jusqu\u2019au retour \u00e0 la performance<\/span><\/p>\n<p><span style=\"font-weight: 400;\">\ud83d\udccd Une programmation mensuelle de rehab de l\u2019\u00e9paule, livr\u00e9e en ligne et r\u00e9alis\u00e9e de fa\u00e7on autonome<\/span><\/p>\n<p><span style=\"font-weight: 400;\">\ud83d\udccd Un haut niveau de soutien personnalis\u00e9 gr\u00e2ce \u00e0 des suivis en ligne, du feedback vid\u00e9o, des \u00e9valuations de progression et du soutien par messagerie lorsqu\u2019ils ont besoin d\u2019\u00eatre guid\u00e9s<\/span><\/p>\n<p><span style=\"font-weight: 400;\">Et surtout, c\u2019est une exp\u00e9rience compl\u00e8tement diff\u00e9rente pour le client\/patient.<\/span><\/p>\n<p><span style=\"font-weight: 400;\">Parce que maintenant, il comprend :<\/span><\/p>\n<p><span style=\"font-weight: 400;\">O\u00f9 il se trouve aujourd\u2019hui, o\u00f9 il s\u2019en va, quelles sont les \u00e9tapes pour s\u2019y rendre et exactement ce pour quoi il paie.<\/span><\/p>\n<p><span style=\"font-weight: 400;\">Il n\u2019ach\u00e8te pas une heure avec elle.<\/span><\/p>\n<p><span style=\"font-weight: 400;\">Il obtient une feuille de route pour se rendre l\u00e0 o\u00f9 il veut aller.<\/span><\/p>\n<p>&nbsp;<\/p>\n<h2><b>POURQUOI C\u2019EST MIEUX POUR LE CLIENT\/PATIENT<\/b><\/h2>\n<p><span style=\"font-weight: 400;\">Et je veux clarifier quelque chose d\u2019important.<\/span><\/p>\n<p><span style=\"font-weight: 400;\">Il ne s\u2019agit pas de prendre les dix s\u00e9ances que tu vendais d\u00e9j\u00e0, de les mettre dans un package et de les vendre plus cher.<\/span><\/p>\n<p><span style=\"font-weight: 400;\">\u00c7a, c\u2019est encore le mod\u00e8le \u00e0 la s\u00e9ance \u2014 simplement vendu en forfait.<\/span><\/p>\n<p><span style=\"font-weight: 400;\">Je crois \u00e0 l\u2019offre premium parce que mon exp\u00e9rience m\u2019a d\u00e9montr\u00e9 qu\u2019elle nous permet d\u2019offrir une meilleure rehab.<\/span><\/p>\n<p><span style=\"font-weight: 400;\">Au lieu de constamment r\u00e9fl\u00e9chir d\u2019un rendez-vous \u00e0 l\u2019autre, tu peux r\u00e9fl\u00e9chir en phases.<\/span><\/p>\n<p><span style=\"font-weight: 400;\">De quoi cette personne a-t-elle besoin dans la phase 1?<\/span><\/p>\n<p><span style=\"font-weight: 400;\">Quelles capacit\u00e9s devons-nous d\u00e9velopper avant de passer \u00e0 la phase 2?<\/span><\/p>\n<p><span style=\"font-weight: 400;\">Quels sont nos crit\u00e8res objectifs de progression?<\/span><\/p>\n<p><span style=\"font-weight: 400;\">O\u00f9 devrait-elle \u00eatre dans quatre semaines? Huit semaines? Douze semaines?<\/span><\/p>\n<p><span style=\"font-weight: 400;\">Tu ne r\u00e9fl\u00e9chis plus seulement \u00e0 ce que tu vas faire avec elle mardi prochain.<\/span><\/p>\n<p><span style=\"font-weight: 400;\">Tu con\u00e7ois l\u2019ensemble du parcours.<\/span><\/p>\n<p>&nbsp;<\/p>\n<h2><b>POURQUOI C\u2019EST MIEUX POUR TA CARRI\u00c8RE<\/b><\/h2>\n<p><span style=\"font-weight: 400;\">Et \u00e7a change aussi ta carri\u00e8re.<\/span><\/p>\n<p><span style=\"font-weight: 400;\">Parce que si ton revenu d\u00e9pend enti\u00e8rement du nombre de s\u00e9ances individuelles que tu peux physiquement faire entrer dans ta semaine, tu finis in\u00e9vitablement par atteindre un plafond.<\/span><\/p>\n<p><span style=\"font-weight: 400;\">Il n\u2019y a qu\u2019un nombre limit\u00e9 d\u2019heures dans une journ\u00e9e.<\/span><\/p>\n<p><span style=\"font-weight: 400;\">Et quand la seule fa\u00e7on de gagner plus est de travailler plus, il est tr\u00e8s facile de se retrouver avec une carri\u00e8re qu\u2019on n\u2019avait jamais imagin\u00e9 construire :<\/span><\/p>\n<p><span style=\"font-weight: 400;\">D\u00e9buter sa journ\u00e9e tr\u00e8s t\u00f4t. Terminer sa journ\u00e9e tr\u00e8s tard. Des clients\/patients qui s\u2019encha\u00eenent sans arr\u00eat. Un horaire construit autour des disponibilit\u00e9s de tout le monde sauf les tiennes.<\/span><\/p>\n<p><span style=\"font-weight: 400;\">Et \u00e9ventuellement, le travail qui te passionnait autrefois peut commencer \u00e0 devenir \u00e9puisant.<\/span><\/p>\n<p><span style=\"font-weight: 400;\">Un programme premium t\u2019offre une autre possibilit\u00e9.<\/span><\/p>\n<p><span style=\"font-weight: 400;\">Parce que tu es r\u00e9mun\u00e9r\u00e9 pour la valeur de la transformation compl\u00e8te \u2014 et pas seulement pour les minutes que tu passes en face \u00e0 face avec quelqu\u2019un \u2014 tu n\u2019as plus besoin de remplir chaque heure disponible de ta semaine avec des rendez-vous.<\/span><\/p>\n<p><span style=\"font-weight: 400;\">Tu peux travailler avec moins de personnes, mais les accompagner \u00e0 un niveau sup\u00e9rieur.<\/span><\/p>\n<p><span style=\"font-weight: 400;\">Tu peux cr\u00e9er de l\u2019espace dans ton horaire pour les aspects de ton travail que tu aimes r\u00e9ellement.<\/span><\/p>\n<p><span style=\"font-weight: 400;\">Tu peux avoir plus de contr\u00f4le sur quand et o\u00f9 tu travailles.<\/span><\/p>\n<p><span style=\"font-weight: 400;\">Et tu peux construire ta carri\u00e8re autour de ta vie, plut\u00f4t que de constamment construire ta vie autour de tes clients\/patients.<\/span><\/p>\n<p><span style=\"font-weight: 400;\">Pour moi, c\u2019est l\u00e0 que se trouve la v\u00e9ritable valeur de ce mod\u00e8le.<\/span><\/p>\n<p><span style=\"font-weight: 400;\">Oui, il peut te permettre de gagner davantage.<\/span><\/p>\n<p><span style=\"font-weight: 400;\">Mais il peut aussi te donner quelque chose d\u2019encore plus pr\u00e9cieux :<\/span><\/p>\n<p><span style=\"font-weight: 400;\">Du temps. De la libert\u00e9. Et la possibilit\u00e9 d\u2019aimer \u00e0 nouveau le travail que tu fais.<\/span><\/p>\n<p>&nbsp;<\/p>\n<h2><b>REPENSE CE QUE TU VENDS R\u00c9ELLEMENT<\/b><\/h2>\n<p><span style=\"font-weight: 400;\">Donc, si tu travailles actuellement \u00e0 la s\u00e9ance, je ne suis pas en train de te dire de jeter aux poubelles TOUT ce que tu fais.<\/span><\/p>\n<p><span style=\"font-weight: 400;\">Les soins individuels. La th\u00e9rapie manuelle. L\u2019entra\u00eenement supervis\u00e9 : les s\u00e9ances ont toujours leur place.<\/span><\/p>\n<p><span style=\"font-weight: 400;\">La vraie question, c\u2019est de savoir si la s\u00e9ance est le produit \u2014 ou si elle est simplement un \u00e9l\u00e9ment d\u2019un processus beaucoup plus complet.<\/span><\/p>\n<p><span style=\"font-weight: 400;\">Parce que ta v\u00e9ritable valeur en tant que professionnel de la rehab ne r\u00e9side pas dans les 30 ou 60 minutes que quelqu\u2019un passe avec toi.<\/span><\/p>\n<p><span style=\"font-weight: 400;\">Elle r\u00e9side dans ta capacit\u00e9 \u00e0 regarder o\u00f9 cette personne se trouve aujourd\u2019hui, \u00e0 comprendre o\u00f9 elle veut aller et \u00e0 construire le processus qui relie ces deux points.<\/span><\/p>\n<p><span style=\"font-weight: 400;\">C\u2019est \u00e7a, ton expertise.<\/span><\/p>\n<p><span style=\"font-weight: 400;\">Et quand tu commences \u00e0 penser de cette fa\u00e7on, quelque chose d\u2019int\u00e9ressant se produit.<\/span><\/p>\n<p><span style=\"font-weight: 400;\">Tu arr\u00eates de te demander :<\/span><\/p>\n<p><span style=\"font-weight: 400;\">\u00ab Qu\u2019est-ce que je vais faire avec cette personne \u00e0 notre prochaine s\u00e9ance? \u00bb<\/span><\/p>\n<p><span style=\"font-weight: 400;\">Et tu commences plut\u00f4t \u00e0 te demander :<\/span><\/p>\n<p><span style=\"font-weight: 400;\">\u00ab Qu\u2019est-ce qui doit se passer au cours des 12 \u00e0 16 prochaines semaines pour que cette personne puisse reprendre ce qu\u2019elle aime faire? \u00bb<\/span><\/p>\n<p><span style=\"font-weight: 400;\">C\u2019est une question beaucoup plus importante.<\/span><\/p>\n<p><span style=\"font-weight: 400;\">Et je pense que c\u2019est une bien meilleure fa\u00e7on de pratiquer la rehab \u2014 parce qu\u2019elle nous ram\u00e8ne \u00e0 la raison pour laquelle nous avons choisi cette profession au d\u00e9part.<\/span><\/p>\n<p><span style=\"font-weight: 400;\">Guider les gens \u00e0 travers tout le processus qui leur permettra de reconstruire leur capacit\u00e9, leur confiance et leur performance.<\/span><\/p>\n<p>&nbsp;<\/p>\n<p>&nbsp;<\/p>\n<hr \/>\n<p>&nbsp;<\/p>\n<p><a href=\"https:\/\/rehab-u.com\/wp-content\/uploads\/2019\/12\/mai-blog-150x150.png\"><img loading=\"lazy\" decoding=\"async\" class=\"alignnone wp-image-1479\" src=\"https:\/\/rehab-u.com\/wp-content\/uploads\/2019\/12\/mai-blog-150x150.png\" alt=\"\" width=\"115\" height=\"115\" srcset=\"https:\/\/rehab-u.com\/wp-content\/uploads\/2019\/12\/mai-blog-150x150.png 150w, https:\/\/rehab-u.com\/wp-content\/uploads\/2019\/12\/mai-blog-100x100.png 100w, https:\/\/rehab-u.com\/wp-content\/uploads\/2019\/12\/mai-blog-140x140.png 140w, https:\/\/rehab-u.com\/wp-content\/uploads\/2019\/12\/mai-blog.png 300w\" sizes=\"auto, (max-width: 115px) 100vw, 115px\" \/><\/a><br \/>\n<strong>Mai-Linh Dovan M.SC., CAT(C)<br \/>\n<\/strong>Th\u00e9rapeute du sport agr\u00e9\u00e9e<br \/>\nFondatrice de Rehab-U<\/p>\n<p>&nbsp;<\/p>\n","protected":false},"excerpt":{"rendered":"<p>Si tu es th\u00e9rapeute ou entra\u00eeneur, l\u2019une des plus grandes erreurs que tu peux faire dans ta carri\u00e8re, c\u2019est de vendre ton temps. Un traitement de 30 minutes. Une s\u00e9ance&#8230;<\/p>\n","protected":false},"author":10,"featured_media":0,"comment_status":"open","ping_status":"open","sticky":false,"template":"","format":"standard","meta":{"_acf_changed":false,"footnotes":""},"categories":[356],"tags":[],"article_type":[],"class_list":{"0":"post-47224","1":"post","2":"type-post","3":"status-publish","4":"format-standard","6":"category-non-classifiee"},"acf":[],"yoast_head":"<!-- This site is optimized with the Yoast SEO plugin v24.6 - https:\/\/yoast.com\/wordpress\/plugins\/seo\/ -->\n<title>Rehab-U - BLOG<\/title>\n<meta name=\"description\" content=\"Catch up on our latest movement rehab articles\" \/>\n<meta name=\"robots\" content=\"index, follow, max-snippet:-1, max-image-preview:large, max-video-preview:-1\" \/>\n<link rel=\"canonical\" href=\"https:\/\/rehab-u.com\/fr\/arrete-de-vendre-des-seances-de-rehab\/\" \/>\n<meta property=\"og:locale\" content=\"fr_FR\" \/>\n<meta property=\"og:type\" content=\"article\" \/>\n<meta property=\"og:title\" content=\"Rehab-U - BLOG\" \/>\n<meta property=\"og:description\" content=\"Catch up on our latest movement rehab articles\" \/>\n<meta property=\"og:url\" content=\"https:\/\/rehab-u.com\/fr\/arrete-de-vendre-des-seances-de-rehab\/\" \/>\n<meta property=\"og:site_name\" content=\"Rehab-U\" \/>\n<meta property=\"article:publisher\" content=\"https:\/\/fr-fr.facebook.com\/RehabUMovementPerformanceTherapy\/\" \/>\n<meta property=\"article:author\" content=\"https:\/\/www.facebook.com\/RehabUMovementPerformanceTherapy\" \/>\n<meta property=\"article:published_time\" content=\"2026-09-03T13:44:09+00:00\" \/>\n<meta property=\"og:image\" content=\"https:\/\/rehab-u.com\/wp-content\/uploads\/2019\/12\/mai-blog.png\" \/>\n\t<meta property=\"og:image:width\" content=\"300\" \/>\n\t<meta property=\"og:image:height\" content=\"300\" \/>\n\t<meta property=\"og:image:type\" content=\"image\/png\" \/>\n<meta name=\"author\" content=\"Mai-Linh Dovan\" \/>\n<meta name=\"twitter:card\" content=\"summary_large_image\" \/>\n<meta name=\"twitter:label1\" content=\"\u00c9crit par\" \/>\n\t<meta name=\"twitter:data1\" content=\"Mai-Linh Dovan\" \/>\n\t<meta name=\"twitter:label2\" content=\"Dur\u00e9e de lecture estim\u00e9e\" \/>\n\t<meta name=\"twitter:data2\" content=\"8 minutes\" \/>\n<script type=\"application\/ld+json\" class=\"yoast-schema-graph\">{\"@context\":\"https:\/\/schema.org\",\"@graph\":[{\"@type\":\"Article\",\"@id\":\"https:\/\/rehab-u.com\/fr\/arrete-de-vendre-des-seances-de-rehab\/#article\",\"isPartOf\":{\"@id\":\"https:\/\/rehab-u.com\/fr\/arrete-de-vendre-des-seances-de-rehab\/\"},\"author\":{\"name\":\"Mai-Linh Dovan\",\"@id\":\"https:\/\/rehab-u.com\/fr\/#\/schema\/person\/fc17fc53c0a05bbd81b3c7d52f4d2d49\"},\"headline\":\"ARR\u00caTE DE VENDRE DES S\u00c9ANCES DE REHAB\",\"datePublished\":\"2026-09-03T13:44:09+00:00\",\"mainEntityOfPage\":{\"@id\":\"https:\/\/rehab-u.com\/fr\/arrete-de-vendre-des-seances-de-rehab\/\"},\"wordCount\":1831,\"commentCount\":0,\"publisher\":{\"@id\":\"https:\/\/rehab-u.com\/fr\/#organization\"},\"image\":{\"@id\":\"https:\/\/rehab-u.com\/fr\/arrete-de-vendre-des-seances-de-rehab\/#primaryimage\"},\"thumbnailUrl\":\"https:\/\/rehab-u.com\/wp-content\/uploads\/2019\/12\/mai-blog-150x150.png\",\"articleSection\":[\"Non classifi\u00e9(e)\"],\"inLanguage\":\"fr-FR\",\"potentialAction\":[{\"@type\":\"CommentAction\",\"name\":\"Comment\",\"target\":[\"https:\/\/rehab-u.com\/fr\/arrete-de-vendre-des-seances-de-rehab\/#respond\"]}]},{\"@type\":\"WebPage\",\"@id\":\"https:\/\/rehab-u.com\/fr\/arrete-de-vendre-des-seances-de-rehab\/\",\"url\":\"https:\/\/rehab-u.com\/fr\/arrete-de-vendre-des-seances-de-rehab\/\",\"name\":\"Rehab-U - BLOG\",\"isPartOf\":{\"@id\":\"https:\/\/rehab-u.com\/fr\/#website\"},\"primaryImageOfPage\":{\"@id\":\"https:\/\/rehab-u.com\/fr\/arrete-de-vendre-des-seances-de-rehab\/#primaryimage\"},\"image\":{\"@id\":\"https:\/\/rehab-u.com\/fr\/arrete-de-vendre-des-seances-de-rehab\/#primaryimage\"},\"thumbnailUrl\":\"https:\/\/rehab-u.com\/wp-content\/uploads\/2019\/12\/mai-blog-150x150.png\",\"datePublished\":\"2026-09-03T13:44:09+00:00\",\"description\":\"Catch up on our latest movement rehab articles\",\"breadcrumb\":{\"@id\":\"https:\/\/rehab-u.com\/fr\/arrete-de-vendre-des-seances-de-rehab\/#breadcrumb\"},\"inLanguage\":\"fr-FR\",\"potentialAction\":[{\"@type\":\"ReadAction\",\"target\":[\"https:\/\/rehab-u.com\/fr\/arrete-de-vendre-des-seances-de-rehab\/\"]}]},{\"@type\":\"ImageObject\",\"inLanguage\":\"fr-FR\",\"@id\":\"https:\/\/rehab-u.com\/fr\/arrete-de-vendre-des-seances-de-rehab\/#primaryimage\",\"url\":\"https:\/\/rehab-u.com\/wp-content\/uploads\/2019\/12\/mai-blog-150x150.png\",\"contentUrl\":\"https:\/\/rehab-u.com\/wp-content\/uploads\/2019\/12\/mai-blog-150x150.png\"},{\"@type\":\"BreadcrumbList\",\"@id\":\"https:\/\/rehab-u.com\/fr\/arrete-de-vendre-des-seances-de-rehab\/#breadcrumb\",\"itemListElement\":[{\"@type\":\"ListItem\",\"position\":1,\"name\":\"Home\",\"item\":\"https:\/\/rehab-u.com\/fr\/\"},{\"@type\":\"ListItem\",\"position\":2,\"name\":\"ARR\u00caTE DE VENDRE DES S\u00c9ANCES DE REHAB\"}]},{\"@type\":\"WebSite\",\"@id\":\"https:\/\/rehab-u.com\/fr\/#website\",\"url\":\"https:\/\/rehab-u.com\/fr\/\",\"name\":\"Rehab-U\",\"description\":\"Movement &amp; Performance therapy\",\"publisher\":{\"@id\":\"https:\/\/rehab-u.com\/fr\/#organization\"},\"potentialAction\":[{\"@type\":\"SearchAction\",\"target\":{\"@type\":\"EntryPoint\",\"urlTemplate\":\"https:\/\/rehab-u.com\/fr\/?s={search_term_string}\"},\"query-input\":{\"@type\":\"PropertyValueSpecification\",\"valueRequired\":true,\"valueName\":\"search_term_string\"}}],\"inLanguage\":\"fr-FR\"},{\"@type\":\"Organization\",\"@id\":\"https:\/\/rehab-u.com\/fr\/#organization\",\"name\":\"Rehab-U | Movement & Performance Therapy\",\"url\":\"https:\/\/rehab-u.com\/fr\/\",\"logo\":{\"@type\":\"ImageObject\",\"inLanguage\":\"fr-FR\",\"@id\":\"https:\/\/rehab-u.com\/fr\/#\/schema\/logo\/image\/\",\"url\":\"https:\/\/rehab-u.com\/wp-content\/uploads\/2019\/01\/Rehab-U_Favicon.png\",\"contentUrl\":\"https:\/\/rehab-u.com\/wp-content\/uploads\/2019\/01\/Rehab-U_Favicon.png\",\"width\":512,\"height\":512,\"caption\":\"Rehab-U | Movement & Performance Therapy\"},\"image\":{\"@id\":\"https:\/\/rehab-u.com\/fr\/#\/schema\/logo\/image\/\"},\"sameAs\":[\"https:\/\/fr-fr.facebook.com\/RehabUMovementPerformanceTherapy\/\",\"https:\/\/www.instagram.com\/mai_rehabu\/\"]},{\"@type\":\"Person\",\"@id\":\"https:\/\/rehab-u.com\/fr\/#\/schema\/person\/fc17fc53c0a05bbd81b3c7d52f4d2d49\",\"name\":\"Mai-Linh Dovan\",\"image\":{\"@type\":\"ImageObject\",\"inLanguage\":\"fr-FR\",\"@id\":\"https:\/\/rehab-u.com\/fr\/#\/schema\/person\/image\/\",\"url\":\"https:\/\/secure.gravatar.com\/avatar\/1640420e778c6b5b3b24fdfd5a8033a68b2696d3fafdf51ce63003a746883459?s=96&d=mm&r=g\",\"contentUrl\":\"https:\/\/secure.gravatar.com\/avatar\/1640420e778c6b5b3b24fdfd5a8033a68b2696d3fafdf51ce63003a746883459?s=96&d=mm&r=g\",\"caption\":\"Mai-Linh Dovan\"},\"sameAs\":[\"https:\/\/www.rehab-u.com\",\"https:\/\/www.facebook.com\/RehabUMovementPerformanceTherapy\",\"https:\/\/www.instagram.com\/mai_rehabu\",\"https:\/\/www.linkedin.com\/in\/mai-linh-dovan-m-sc-cat-c-34a036186\",\"https:\/\/www.youtube.com\/channel\/UCzssi1GnLQpHK-ftlIRIYjw\"]}]}<\/script>\n<!-- \/ Yoast SEO plugin. -->","yoast_head_json":{"title":"Rehab-U - BLOG","description":"Catch up on our latest movement rehab articles","robots":{"index":"index","follow":"follow","max-snippet":"max-snippet:-1","max-image-preview":"max-image-preview:large","max-video-preview":"max-video-preview:-1"},"canonical":"https:\/\/rehab-u.com\/fr\/arrete-de-vendre-des-seances-de-rehab\/","og_locale":"fr_FR","og_type":"article","og_title":"Rehab-U - BLOG","og_description":"Catch up on our latest movement rehab articles","og_url":"https:\/\/rehab-u.com\/fr\/arrete-de-vendre-des-seances-de-rehab\/","og_site_name":"Rehab-U","article_publisher":"https:\/\/fr-fr.facebook.com\/RehabUMovementPerformanceTherapy\/","article_author":"https:\/\/www.facebook.com\/RehabUMovementPerformanceTherapy","article_published_time":"2026-09-03T13:44:09+00:00","og_image":[{"width":300,"height":300,"url":"https:\/\/rehab-u.com\/wp-content\/uploads\/2019\/12\/mai-blog.png","type":"image\/png"}],"author":"Mai-Linh Dovan","twitter_card":"summary_large_image","twitter_misc":{"\u00c9crit par":"Mai-Linh Dovan","Dur\u00e9e de lecture estim\u00e9e":"8 minutes"},"schema":{"@context":"https:\/\/schema.org","@graph":[{"@type":"Article","@id":"https:\/\/rehab-u.com\/fr\/arrete-de-vendre-des-seances-de-rehab\/#article","isPartOf":{"@id":"https:\/\/rehab-u.com\/fr\/arrete-de-vendre-des-seances-de-rehab\/"},"author":{"name":"Mai-Linh Dovan","@id":"https:\/\/rehab-u.com\/fr\/#\/schema\/person\/fc17fc53c0a05bbd81b3c7d52f4d2d49"},"headline":"ARR\u00caTE DE VENDRE DES S\u00c9ANCES DE REHAB","datePublished":"2026-09-03T13:44:09+00:00","mainEntityOfPage":{"@id":"https:\/\/rehab-u.com\/fr\/arrete-de-vendre-des-seances-de-rehab\/"},"wordCount":1831,"commentCount":0,"publisher":{"@id":"https:\/\/rehab-u.com\/fr\/#organization"},"image":{"@id":"https:\/\/rehab-u.com\/fr\/arrete-de-vendre-des-seances-de-rehab\/#primaryimage"},"thumbnailUrl":"https:\/\/rehab-u.com\/wp-content\/uploads\/2019\/12\/mai-blog-150x150.png","articleSection":["Non classifi\u00e9(e)"],"inLanguage":"fr-FR","potentialAction":[{"@type":"CommentAction","name":"Comment","target":["https:\/\/rehab-u.com\/fr\/arrete-de-vendre-des-seances-de-rehab\/#respond"]}]},{"@type":"WebPage","@id":"https:\/\/rehab-u.com\/fr\/arrete-de-vendre-des-seances-de-rehab\/","url":"https:\/\/rehab-u.com\/fr\/arrete-de-vendre-des-seances-de-rehab\/","name":"Rehab-U - BLOG","isPartOf":{"@id":"https:\/\/rehab-u.com\/fr\/#website"},"primaryImageOfPage":{"@id":"https:\/\/rehab-u.com\/fr\/arrete-de-vendre-des-seances-de-rehab\/#primaryimage"},"image":{"@id":"https:\/\/rehab-u.com\/fr\/arrete-de-vendre-des-seances-de-rehab\/#primaryimage"},"thumbnailUrl":"https:\/\/rehab-u.com\/wp-content\/uploads\/2019\/12\/mai-blog-150x150.png","datePublished":"2026-09-03T13:44:09+00:00","description":"Catch up on our latest movement rehab articles","breadcrumb":{"@id":"https:\/\/rehab-u.com\/fr\/arrete-de-vendre-des-seances-de-rehab\/#breadcrumb"},"inLanguage":"fr-FR","potentialAction":[{"@type":"ReadAction","target":["https:\/\/rehab-u.com\/fr\/arrete-de-vendre-des-seances-de-rehab\/"]}]},{"@type":"ImageObject","inLanguage":"fr-FR","@id":"https:\/\/rehab-u.com\/fr\/arrete-de-vendre-des-seances-de-rehab\/#primaryimage","url":"https:\/\/rehab-u.com\/wp-content\/uploads\/2019\/12\/mai-blog-150x150.png","contentUrl":"https:\/\/rehab-u.com\/wp-content\/uploads\/2019\/12\/mai-blog-150x150.png"},{"@type":"BreadcrumbList","@id":"https:\/\/rehab-u.com\/fr\/arrete-de-vendre-des-seances-de-rehab\/#breadcrumb","itemListElement":[{"@type":"ListItem","position":1,"name":"Home","item":"https:\/\/rehab-u.com\/fr\/"},{"@type":"ListItem","position":2,"name":"ARR\u00caTE DE VENDRE DES S\u00c9ANCES DE REHAB"}]},{"@type":"WebSite","@id":"https:\/\/rehab-u.com\/fr\/#website","url":"https:\/\/rehab-u.com\/fr\/","name":"Rehab-U","description":"Movement &amp; Performance therapy","publisher":{"@id":"https:\/\/rehab-u.com\/fr\/#organization"},"potentialAction":[{"@type":"SearchAction","target":{"@type":"EntryPoint","urlTemplate":"https:\/\/rehab-u.com\/fr\/?s={search_term_string}"},"query-input":{"@type":"PropertyValueSpecification","valueRequired":true,"valueName":"search_term_string"}}],"inLanguage":"fr-FR"},{"@type":"Organization","@id":"https:\/\/rehab-u.com\/fr\/#organization","name":"Rehab-U | Movement & Performance Therapy","url":"https:\/\/rehab-u.com\/fr\/","logo":{"@type":"ImageObject","inLanguage":"fr-FR","@id":"https:\/\/rehab-u.com\/fr\/#\/schema\/logo\/image\/","url":"https:\/\/rehab-u.com\/wp-content\/uploads\/2019\/01\/Rehab-U_Favicon.png","contentUrl":"https:\/\/rehab-u.com\/wp-content\/uploads\/2019\/01\/Rehab-U_Favicon.png","width":512,"height":512,"caption":"Rehab-U | Movement & Performance Therapy"},"image":{"@id":"https:\/\/rehab-u.com\/fr\/#\/schema\/logo\/image\/"},"sameAs":["https:\/\/fr-fr.facebook.com\/RehabUMovementPerformanceTherapy\/","https:\/\/www.instagram.com\/mai_rehabu\/"]},{"@type":"Person","@id":"https:\/\/rehab-u.com\/fr\/#\/schema\/person\/fc17fc53c0a05bbd81b3c7d52f4d2d49","name":"Mai-Linh Dovan","image":{"@type":"ImageObject","inLanguage":"fr-FR","@id":"https:\/\/rehab-u.com\/fr\/#\/schema\/person\/image\/","url":"https:\/\/secure.gravatar.com\/avatar\/1640420e778c6b5b3b24fdfd5a8033a68b2696d3fafdf51ce63003a746883459?s=96&d=mm&r=g","contentUrl":"https:\/\/secure.gravatar.com\/avatar\/1640420e778c6b5b3b24fdfd5a8033a68b2696d3fafdf51ce63003a746883459?s=96&d=mm&r=g","caption":"Mai-Linh Dovan"},"sameAs":["https:\/\/www.rehab-u.com","https:\/\/www.facebook.com\/RehabUMovementPerformanceTherapy","https:\/\/www.instagram.com\/mai_rehabu","https:\/\/www.linkedin.com\/in\/mai-linh-dovan-m-sc-cat-c-34a036186","https:\/\/www.youtube.com\/channel\/UCzssi1GnLQpHK-ftlIRIYjw"]}]}},"_links":{"self":[{"href":"https:\/\/rehab-u.com\/fr\/wp-json\/wp\/v2\/posts\/47224","targetHints":{"allow":["GET"]}}],"collection":[{"href":"https:\/\/rehab-u.com\/fr\/wp-json\/wp\/v2\/posts"}],"about":[{"href":"https:\/\/rehab-u.com\/fr\/wp-json\/wp\/v2\/types\/post"}],"author":[{"embeddable":true,"href":"https:\/\/rehab-u.com\/fr\/wp-json\/wp\/v2\/users\/10"}],"replies":[{"embeddable":true,"href":"https:\/\/rehab-u.com\/fr\/wp-json\/wp\/v2\/comments?post=47224"}],"version-history":[{"count":2,"href":"https:\/\/rehab-u.com\/fr\/wp-json\/wp\/v2\/posts\/47224\/revisions"}],"predecessor-version":[{"id":47226,"href":"https:\/\/rehab-u.com\/fr\/wp-json\/wp\/v2\/posts\/47224\/revisions\/47226"}],"wp:attachment":[{"href":"https:\/\/rehab-u.com\/fr\/wp-json\/wp\/v2\/media?parent=47224"}],"wp:term":[{"taxonomy":"category","embeddable":true,"href":"https:\/\/rehab-u.com\/fr\/wp-json\/wp\/v2\/categories?post=47224"},{"taxonomy":"post_tag","embeddable":true,"href":"https:\/\/rehab-u.com\/fr\/wp-json\/wp\/v2\/tags?post=47224"},{"taxonomy":"article_type","embeddable":true,"href":"https:\/\/rehab-u.com\/fr\/wp-json\/wp\/v2\/article_type?post=47224"}],"curies":[{"name":"wp","href":"https:\/\/api.w.org\/{rel}","templated":true}]}}